{"id":22596,"date":"2025-11-05T20:36:43","date_gmt":"2025-11-05T20:36:43","guid":{"rendered":"https:\/\/publicidadcanina.com\/?p=22596"},"modified":"2025-11-05T20:43:08","modified_gmt":"2025-11-05T20:43:08","slug":"por-que-la-crisis-climatica-es-una-crisis-de-salud","status":"publish","type":"post","link":"https:\/\/publicidadcanina.com\/en\/agricultura-sostenible\/por-que-la-crisis-climatica-es-una-crisis-de-salud\/","title":{"rendered":"Por qu\u00e9 la crisis clim\u00e1tica es una crisis de salud"},"content":{"rendered":"<h2 class=\"wp-block-heading\">Introduction<\/h2>\n\n\n\n<p>When we talk about <em>global health<\/em>, we often think of hospitals, vaccines, or preventive medicine. But the concept goes far beyond that.<br>According to researcher Miguel \u00c1ngel Navas Mart\u00edn, from the National School of Public Health (ISCIII), global health seeks to improve the well-being of all people by ensuring equity, regardless of where they live, their origin, or their economic situation.<\/p>\n\n\n\n<p>In a world facing an unprecedented climate crisis, understanding this connection between the planet and human well-being is more urgent than ever.<\/p>\n\n\n\n<blockquote class=\"wp-block-quote is-layout-flow wp-block-quote-is-layout-flow\">\n<p>\ud83c\udf31 \u201cThere is no health on a sick planet.\u201d- <em>OMS, 2023<\/em><br>(Source: <a href=\"https:\/\/www.who.int\/es\/news\/item\/11-10-2023-climate-change-is-a-health-crisis\">World Health Organization<\/a>)<\/p>\n<\/blockquote>\n\n\n\n<h2 class=\"wp-block-heading\">What Is Global Health Really About?<\/h2>\n\n\n\n<p>Global health does not belong solely to the field of medicine. It is transnational and interdisciplinary, bringing together doctors, sociologists, engineers, economists, and educators.<br>Its goal is not only to prevent and treat diseases but also to understand the structural causes that create them.<\/p>\n\n\n\n<p>According to Navas Mart\u00edn, global health is based on three pillars:<\/p>\n\n\n\n<ol class=\"wp-block-list\">\n<li><strong>Transnational approach:<\/strong> Health problems know no borders (e.g. COVID-19, air pollution, or climate change).<\/li>\n\n\n\n<li><strong>Interdisciplinarity<\/strong> It connects science, society, and politics.<\/li>\n\n\n\n<li><strong>Balance between prevention and clinical care.<\/strong><\/li>\n<\/ol>\n\n\n\n<h2 class=\"wp-block-heading\">The Current Context: What Is Happening to Us?<\/h2>\n\n\n\n<p>Spain has experienced clear examples in recent years of how climate change impacts public health:<\/p>\n\n\n\n<ul class=\"wp-block-list\">\n<li><strong>Extreme flooding<\/strong> (DANA en Valencia, 2024)<\/li>\n\n\n\n<li><strong>Mosquito-borne disease outbreaks<\/strong> (West Nile Virus, Andalusia, 2024)<\/li>\n\n\n\n<li><strong>Record-breaking heatwaves<\/strong> (summer of 2025)<\/li>\n\n\n\n<li><strong>Over 410,000 hectares burned by wildfires<\/strong> (January\u2013September 2025)<\/li>\n<\/ul>\n\n\n\n<p>These are not just environmental figures.<br>Each extreme event affects the physical and mental health of thousands, worsens pre-existing diseases, and overwhelms healthcare systems.<br>The Intergovernmental Panel on Climate Change (IPCC) warns that these phenomena will intensify unless greenhouse gas emissions are drastically reduced.<br>(Source: <a href=\"https:\/\/www.ipcc.ch\/report\/ar6-synthesis-report\/\">IPCC Sixth Assessment Report, 2023<\/a>)<\/p>\n\n\n\n<h2 class=\"wp-block-heading\">Health Impacts of Climate Change<\/h2>\n\n\n\n<p>According to the WHO, between 2030 and 2050, an additional 250,000 deaths per year could occur due to malnutrition, infectious diseases, heatwaves, and extreme weather events.<br>(<a href=\"https:\/\/www.who.int\/es\/news-room\/fact-sheets\/detail\/climate-change-and-health\">(Source: WHO \u2013 Climate Change and Health)<\/a>).<\/p>\n\n\n\n<p>Among the most concerning effects are:<\/p>\n\n\n\n<ul class=\"wp-block-list\">\n<li>Water and food shortages.<\/li>\n\n\n\n<li>Loss of biodiversity.<\/li>\n\n\n\n<li>Damage to healthcare infrastructure.<\/li>\n\n\n\n<li>Increase in cardiovascular, respiratory, and mental illnesses.<\/li>\n\n\n\n<li>Forced displacement and climate migration.<\/li>\n<\/ul>\n\n\n\n<p>In short, the climate affects all social determinants of health \u2014 from food and housing to employment and social stability.<\/p>\n\n\n\n<h2 class=\"wp-block-heading\">Clima, sociedad y salud: una red invisible pero real<\/h2>\n\n\n\n<p>The model proposed by Navas Mart\u00edn highlights a relationship on five interconnected levels:<\/p>\n\n\n\n<ol class=\"wp-block-list\">\n<li><strong>Climate change:<\/strong> Rising CO\u2082 levels, sea level rise, extreme events.<\/li>\n\n\n\n<li><strong>Direct effects:<\/strong> Heatwaves, wildfires, floods.<\/li>\n\n\n\n<li><strong>Indirect effects:<\/strong> Loss of productivity, food insecurity, migration.<\/li>\n\n\n\n<li><strong>Social determinants:<\/strong> Poverty, inequality, lack of access to services.<\/li>\n\n\n\n<li><strong>Health impacts:<\/strong> Disease, mortality, hospital overload.<\/li>\n<\/ol>\n\n\n\n<p>This interconnection demonstrates that human health cannot be separated from the natural environment or from social justice.<\/p>\n\n\n\n<h2 class=\"wp-block-heading\">Health and Climate Inequalities<\/h2>\n\n\n\n<p>Climate change does not affect everyone equally.<br>Vulnerable communities, the elderly, women, rural or impoverished populations , are the most exposed to heatwaves, droughts, or floods, and the least able to adapt.<\/p>\n\n\n\n<p>For example:<\/p>\n\n\n\n<blockquote class=\"wp-block-quote is-layout-flow wp-block-quote-is-layout-flow\">\n<p>An elderly woman living alone in a rural area during a heatwave faces a triple risk \u2014 due to age, isolation, and lack of access to energy resources.<\/p>\n<\/blockquote>\n\n\n\n<p>These inequalities overlap and worsen. Therefore, the fight against climate change must also be a fight for health equity.<br>(Source: <a href=\"https:\/\/www.lancetcountdown.org\/\">Lancet Countdown on Health and Climate Change, 2024<\/a>)<\/p>\n\n\n\n<h2 class=\"wp-block-heading\">Why the Climate Crisis Is Also a Health Crisis<\/h2>\n\n\n\n<p>Because it:<\/p>\n\n\n\n<ul class=\"wp-block-list\">\n<li>Worsens existing diseases<\/li>\n\n\n\n<li>Increases health inequalities<\/li>\n\n\n\n<li>Overburdens healthcare systems.<\/li>\n\n\n\n<li>Triggers displacement and conflict.<\/li>\n\n\n\n<li>Hits the most vulnerable the hardest.<\/li>\n<\/ul>\n\n\n\n<p>Ultimately, climate change is not only an environmental issue, but a direct threat to global public health.<\/p>\n\n\n\n<h2 class=\"wp-block-heading\">Conclusion: Healing the Planet Means Healing People<\/h2>\n\n\n\n<p>There is still time to act.<br>Protecting the planet means investing in prevention, equity, and environmental justice.<br>Every green policy, every sustainable project, every local action counts \u2014 saving thousands of lives and improving the quality of life for millions more.<\/p>\n\n\n\n<p>Global health is not just a challenge \u2014 it is an opportunity to rethink how we live, produce, and care for one another. <strong>repensar c\u00f3mo vivimos, producimos y cuidamos<\/strong>.<\/p>\n\n\n\n<blockquote class=\"wp-block-quote is-layout-flow wp-block-quote-is-layout-flow\">\n<p>\u201cCaring for the planet is caring for ourselves.\u201d \u2014 Miguel \u00c1ngel Navas Mart\u00edn, ISCIII<\/p>\n<\/blockquote>\n\n\n\n<h2 class=\"wp-block-heading\">References and Sources Consulted<\/h2>\n\n\n\n<ul class=\"wp-block-list\">\n<li><strong>Miguel \u00c1ngel Navas Mart\u00edn<\/strong>Educando ConCiencias 2030: Global Health \u2013 What Is Happening to Us? <em>Salud Global, \u00bfqu\u00e9 nos est\u00e1 pasando?<\/em> (National School of Public Health, ISCIII, 2025).<\/li>\n\n\n\n<li><a href=\"https:\/\/www.who.int\/es\/news-room\/fact-sheets\/detail\/climate-change-and-health\">World Health Organization \u2013 Climate Change and Health<\/a><\/li>\n\n\n\n<li><a href=\"https:\/\/www.ipcc.ch\/report\/ar6-synthesis-report\/\">IPCC Sixth Assessment Report, 2023<\/a><\/li>\n\n\n\n<li><a href=\"https:\/\/www.lancetcountdown.org\/\">Lancet Countdown on Health and Climate Change, 2024<\/a><\/li>\n\n\n\n<li><a href=\"https:\/\/www.miteco.gob.es\/es\/cambio-climatico\/temas\/impactos-vulnerabilidad-y-adaptacion\/\">Ministry for the Ecological Transition (Spain)<\/a><\/li>\n<\/ul>\n\n\n\n<p><\/p>","protected":false},"excerpt":{"rendered":"<p>La crisis clim\u00e1tica tambi\u00e9n es una crisis de salud<\/p>","protected":false},"author":1,"featured_media":22598,"comment_status":"open","ping_status":"closed","sticky":false,"template":"","format":"standard","meta":{"site-sidebar-layout":"default","site-content-layout":"","ast-site-content-layout":"default","site-content-style":"default","site-sidebar-style":"default","ast-global-header-display":"","ast-banner-title-visibility":"","ast-main-header-display":"","ast-hfb-above-header-display":"","ast-hfb-below-header-display":"","ast-hfb-mobile-header-display":"","site-post-title":"","ast-breadcrumbs-content":"","ast-featured-img":"","footer-sml-layout":"","ast-disable-related-posts":"","theme-transparent-header-meta":"","adv-header-id-meta":"","stick-header-meta":"","header-above-stick-meta":"","header-main-stick-meta":"","header-below-stick-meta":"","astra-migrate-meta-layouts":"set","ast-page-background-enabled":"default","ast-page-background-meta":{"desktop":{"background-color":"","background-image":"","background-repeat":"repeat","background-position":"center center","background-size":"auto","background-attachment":"scroll","background-type":"","background-media":"","overlay-type":"","overlay-color":"","overlay-opacity":"","overlay-gradient":""},"tablet":{"background-color":"","background-image":"","background-repeat":"repeat","background-position":"center center","background-size":"auto","background-attachment":"scroll","background-type":"","background-media":"","overlay-type":"","overlay-color":"","overlay-opacity":"","overlay-gradient":""},"mobile":{"background-color":"","background-image":"","background-repeat":"repeat","background-position":"center center","background-size":"auto","background-attachment":"scroll","background-type":"","background-media":"","overlay-type":"","overlay-color":"","overlay-opacity":"","overlay-gradient":""}},"ast-content-background-meta":{"desktop":{"background-color":"var(--ast-global-color-5)","background-image":"","background-repeat":"repeat","background-position":"center center","background-size":"auto","background-attachment":"scroll","background-type":"","background-media":"","overlay-type":"","overlay-color":"","overlay-opacity":"","overlay-gradient":""},"tablet":{"background-color":"var(--ast-global-color-5)","background-image":"","background-repeat":"repeat","background-position":"center center","background-size":"auto","background-attachment":"scroll","background-type":"","background-media":"","overlay-type":"","overlay-color":"","overlay-opacity":"","overlay-gradient":""},"mobile":{"background-color":"var(--ast-global-color-5)","background-image":"","background-repeat":"repeat","background-position":"center center","background-size":"auto","background-attachment":"scroll","background-type":"","background-media":"","overlay-type":"","overlay-color":"","overlay-opacity":"","overlay-gradient":""}},"_joinchat":[],"footnotes":""},"categories":[555],"tags":[571,572,570,575,573,574],"class_list":["post-22596","post","type-post","status-publish","format-standard","has-post-thumbnail","hentry","category-agricultura-sostenible","tag-cambio-climatico-y-salud","tag-crisis-climatica","tag-equidad-sanitaria","tag-ipcc","tag-oms","tag-salud-global"],"yoast_head":"<!-- This site is optimized with the Yoast SEO plugin v27.5 - https:\/\/yoast.com\/product\/yoast-seo-wordpress\/ -->\n<title>Por qu\u00e9 la crisis clim\u00e1tica es una crisis de salud | Publicidad Canina<\/title>\n<meta name=\"description\" content=\"C\u00f3mo la crisis clim\u00e1tica se ha convertido en una crisis sanitaria mundial. Basado en la ponencia de Miguel \u00c1ngel Navas Mart\u00edn (ISCIII).\" \/>\n<meta name=\"robots\" content=\"index, follow, max-snippet:-1, max-image-preview:large, max-video-preview:-1\" \/>\n<link rel=\"canonical\" href=\"https:\/\/publicidadcanina.com\/en\/agricultura-sostenible\/por-que-la-crisis-climatica-es-una-crisis-de-salud\/\" \/>\n<meta property=\"og:locale\" content=\"en_GB\" \/>\n<meta property=\"og:type\" content=\"article\" \/>\n<meta property=\"og:title\" content=\"Por qu\u00e9 la crisis clim\u00e1tica es una crisis de salud | Publicidad Canina\" \/>\n<meta property=\"og:description\" content=\"C\u00f3mo la crisis clim\u00e1tica se ha convertido en una crisis sanitaria mundial. Basado en la ponencia de Miguel \u00c1ngel Navas Mart\u00edn (ISCIII).\" \/>\n<meta property=\"og:url\" content=\"https:\/\/publicidadcanina.com\/en\/agricultura-sostenible\/por-que-la-crisis-climatica-es-una-crisis-de-salud\/\" \/>\n<meta property=\"og:site_name\" content=\"Publicidad Canina\" \/>\n<meta property=\"article:publisher\" content=\"https:\/\/www.facebook.com\/monicadigitaltraffic\" \/>\n<meta property=\"article:author\" content=\"https:\/\/www.facebook.com\/monicadigitaltraffic\" \/>\n<meta property=\"article:published_time\" content=\"2025-11-05T20:36:43+00:00\" \/>\n<meta property=\"article:modified_time\" content=\"2025-11-05T20:43:08+00:00\" \/>\n<meta property=\"og:image\" content=\"https:\/\/publicidadcanina.com\/wp-content\/uploads\/2025\/11\/pexels-photo-3651632-3651632-scaled.webp\" \/>\n\t<meta property=\"og:image:width\" content=\"1920\" \/>\n\t<meta property=\"og:image:height\" content=\"1280\" \/>\n\t<meta property=\"og:image:type\" content=\"image\/webp\" \/>\n<meta name=\"author\" content=\"monicaplazalopez\" \/>\n<script type=\"application\/ld+json\" class=\"yoast-schema-graph\">{\"@context\":\"https:\\\/\\\/schema.org\",\"@graph\":[{\"@type\":\"Article\",\"@id\":\"https:\\\/\\\/publicidadcanina.com\\\/agricultura-sostenible\\\/por-que-la-crisis-climatica-es-una-crisis-de-salud\\\/#article\",\"isPartOf\":{\"@id\":\"https:\\\/\\\/publicidadcanina.com\\\/agricultura-sostenible\\\/por-que-la-crisis-climatica-es-una-crisis-de-salud\\\/\"},\"author\":{\"name\":\"monicaplazalopez\",\"@id\":\"https:\\\/\\\/publicidadcanina.com\\\/#\\\/schema\\\/person\\\/bb92eb2369c73169fb03328352576914\"},\"headline\":\"Por qu\u00e9 la crisis clim\u00e1tica es una crisis de salud\",\"datePublished\":\"2025-11-05T20:36:43+00:00\",\"dateModified\":\"2025-11-05T20:43:08+00:00\",\"mainEntityOfPage\":{\"@id\":\"https:\\\/\\\/publicidadcanina.com\\\/agricultura-sostenible\\\/por-que-la-crisis-climatica-es-una-crisis-de-salud\\\/\"},\"wordCount\":843,\"commentCount\":0,\"publisher\":{\"@id\":\"https:\\\/\\\/publicidadcanina.com\\\/#organization\"},\"image\":{\"@id\":\"https:\\\/\\\/publicidadcanina.com\\\/agricultura-sostenible\\\/por-que-la-crisis-climatica-es-una-crisis-de-salud\\\/#primaryimage\"},\"thumbnailUrl\":\"https:\\\/\\\/publicidadcanina.com\\\/wp-content\\\/uploads\\\/2025\\\/11\\\/pexels-photo-3651632-3651632-scaled.webp\",\"keywords\":[\"cambio clim\u00e1tico y salud\",\"crisis clim\u00e1tica\",\"equidad sanitaria\",\"IPCC\",\"OMS\",\"salud global\"],\"articleSection\":[\"Agricultura Sostenible\"],\"inLanguage\":\"en-GB\",\"potentialAction\":[{\"@type\":\"CommentAction\",\"name\":\"Comment\",\"target\":[\"https:\\\/\\\/publicidadcanina.com\\\/agricultura-sostenible\\\/por-que-la-crisis-climatica-es-una-crisis-de-salud\\\/#respond\"]}]},{\"@type\":[\"WebPage\",\"ItemPage\"],\"@id\":\"https:\\\/\\\/publicidadcanina.com\\\/agricultura-sostenible\\\/por-que-la-crisis-climatica-es-una-crisis-de-salud\\\/\",\"url\":\"https:\\\/\\\/publicidadcanina.com\\\/agricultura-sostenible\\\/por-que-la-crisis-climatica-es-una-crisis-de-salud\\\/\",\"name\":\"Por qu\u00e9 la crisis clim\u00e1tica es una crisis de salud | Publicidad Canina\",\"isPartOf\":{\"@id\":\"https:\\\/\\\/publicidadcanina.com\\\/#website\"},\"primaryImageOfPage\":{\"@id\":\"https:\\\/\\\/publicidadcanina.com\\\/agricultura-sostenible\\\/por-que-la-crisis-climatica-es-una-crisis-de-salud\\\/#primaryimage\"},\"image\":{\"@id\":\"https:\\\/\\\/publicidadcanina.com\\\/agricultura-sostenible\\\/por-que-la-crisis-climatica-es-una-crisis-de-salud\\\/#primaryimage\"},\"thumbnailUrl\":\"https:\\\/\\\/publicidadcanina.com\\\/wp-content\\\/uploads\\\/2025\\\/11\\\/pexels-photo-3651632-3651632-scaled.webp\",\"datePublished\":\"2025-11-05T20:36:43+00:00\",\"dateModified\":\"2025-11-05T20:43:08+00:00\",\"description\":\"C\u00f3mo la crisis clim\u00e1tica se ha convertido en una crisis sanitaria mundial. Basado en la ponencia de Miguel \u00c1ngel Navas Mart\u00edn (ISCIII).\",\"breadcrumb\":{\"@id\":\"https:\\\/\\\/publicidadcanina.com\\\/agricultura-sostenible\\\/por-que-la-crisis-climatica-es-una-crisis-de-salud\\\/#breadcrumb\"},\"inLanguage\":\"en-GB\",\"potentialAction\":[{\"@type\":\"ReadAction\",\"target\":[\"https:\\\/\\\/publicidadcanina.com\\\/agricultura-sostenible\\\/por-que-la-crisis-climatica-es-una-crisis-de-salud\\\/\"]}]},{\"@type\":\"ImageObject\",\"inLanguage\":\"en-GB\",\"@id\":\"https:\\\/\\\/publicidadcanina.com\\\/agricultura-sostenible\\\/por-que-la-crisis-climatica-es-una-crisis-de-salud\\\/#primaryimage\",\"url\":\"https:\\\/\\\/publicidadcanina.com\\\/wp-content\\\/uploads\\\/2025\\\/11\\\/pexels-photo-3651632-3651632-scaled.webp\",\"contentUrl\":\"https:\\\/\\\/publicidadcanina.com\\\/wp-content\\\/uploads\\\/2025\\\/11\\\/pexels-photo-3651632-3651632-scaled.webp\",\"width\":1920,\"height\":1280,\"caption\":\"A single hand emerges from water, symbolizing a cry for help amidst a rainy setting.\"},{\"@type\":\"BreadcrumbList\",\"@id\":\"https:\\\/\\\/publicidadcanina.com\\\/agricultura-sostenible\\\/por-que-la-crisis-climatica-es-una-crisis-de-salud\\\/#breadcrumb\",\"itemListElement\":[{\"@type\":\"ListItem\",\"position\":1,\"name\":\"Publicidad Canina\",\"item\":\"https:\\\/\\\/publicidadcanina.com\\\/\"},{\"@type\":\"ListItem\",\"position\":2,\"name\":\"Agricultura Sostenible\",\"item\":\"https:\\\/\\\/publicidadcanina.com\\\/agricultura-sostenible\\\/\"},{\"@type\":\"ListItem\",\"position\":3,\"name\":\"Por qu\u00e9 la crisis clim\u00e1tica es una crisis de salud\"}]},{\"@type\":\"WebSite\",\"@id\":\"https:\\\/\\\/publicidadcanina.com\\\/#website\",\"url\":\"https:\\\/\\\/publicidadcanina.com\\\/\",\"name\":\"Publicidad Canina\",\"description\":\"Publicidad Canina\",\"publisher\":{\"@id\":\"https:\\\/\\\/publicidadcanina.com\\\/#organization\"},\"potentialAction\":[{\"@type\":\"SearchAction\",\"target\":{\"@type\":\"EntryPoint\",\"urlTemplate\":\"https:\\\/\\\/publicidadcanina.com\\\/?s={search_term_string}\"},\"query-input\":{\"@type\":\"PropertyValueSpecification\",\"valueRequired\":true,\"valueName\":\"search_term_string\"}}],\"inLanguage\":\"en-GB\"},{\"@type\":\"Organization\",\"@id\":\"https:\\\/\\\/publicidadcanina.com\\\/#organization\",\"name\":\"Publicidad Canina\",\"url\":\"https:\\\/\\\/publicidadcanina.com\\\/\",\"logo\":{\"@type\":\"ImageObject\",\"inLanguage\":\"en-GB\",\"@id\":\"https:\\\/\\\/publicidadcanina.com\\\/#\\\/schema\\\/logo\\\/image\\\/\",\"url\":\"https:\\\/\\\/publicidadcanina.com\\\/wp-content\\\/uploads\\\/2021\\\/05\\\/Logo-Publicidad-Canina-e1641566727756.png\",\"contentUrl\":\"https:\\\/\\\/publicidadcanina.com\\\/wp-content\\\/uploads\\\/2021\\\/05\\\/Logo-Publicidad-Canina-e1641566727756.png\",\"width\":180,\"height\":180,\"caption\":\"Publicidad Canina\"},\"image\":{\"@id\":\"https:\\\/\\\/publicidadcanina.com\\\/#\\\/schema\\\/logo\\\/image\\\/\"},\"sameAs\":[\"https:\\\/\\\/www.facebook.com\\\/monicadigitaltraffic\",\"https:\\\/\\\/www.instagram.com\\\/publicidadcanina\",\"https:\\\/\\\/www.linkedin.com\\\/in\\\/monicaplazalopez\\\/\",\"https:\\\/\\\/www.youtube.com\\\/@monicadigitaltraffic\"]},{\"@type\":\"Person\",\"@id\":\"https:\\\/\\\/publicidadcanina.com\\\/#\\\/schema\\\/person\\\/bb92eb2369c73169fb03328352576914\",\"name\":\"monicaplazalopez\",\"image\":{\"@type\":\"ImageObject\",\"inLanguage\":\"en-GB\",\"@id\":\"https:\\\/\\\/publicidadcanina.com\\\/wp-content\\\/litespeed\\\/avatar\\\/8139c7cf91ca7f3a75ba64e2d8169f6d.jpg?ver=1777067666\",\"url\":\"https:\\\/\\\/publicidadcanina.com\\\/wp-content\\\/litespeed\\\/avatar\\\/8139c7cf91ca7f3a75ba64e2d8169f6d.jpg?ver=1777067666\",\"contentUrl\":\"https:\\\/\\\/publicidadcanina.com\\\/wp-content\\\/litespeed\\\/avatar\\\/8139c7cf91ca7f3a75ba64e2d8169f6d.jpg?ver=1777067666\",\"caption\":\"monicaplazalopez\"},\"description\":\"Ingeniera en Inform\u00e1tica, Consultora de Marketing Digital y Educadora Canina. Especializado en ayudar a profesionales del mundo canino a convertir sus servicios y productos en facturaci\u00f3n.\",\"sameAs\":[\"https:\\\/\\\/publicidadcanina.com\",\"https:\\\/\\\/www.facebook.com\\\/monicadigitaltraffic\",\"https:\\\/\\\/www.instagram.com\\\/publicidadcanina\",\"https:\\\/\\\/www.linkedin.com\\\/in\\\/monicaplazalopez\\\/\",\"https:\\\/\\\/www.youtube.com\\\/channel\\\/UC4kLKDi_0-gTVNuMotJMCVw\"]}]}<\/script>\n<!-- \/ Yoast SEO plugin. -->","yoast_head_json":{"title":"Por qu\u00e9 la crisis clim\u00e1tica es una crisis de salud | Publicidad Canina","description":"C\u00f3mo la crisis clim\u00e1tica se ha convertido en una crisis sanitaria mundial. Basado en la ponencia de Miguel \u00c1ngel Navas Mart\u00edn (ISCIII).","robots":{"index":"index","follow":"follow","max-snippet":"max-snippet:-1","max-image-preview":"max-image-preview:large","max-video-preview":"max-video-preview:-1"},"canonical":"https:\/\/publicidadcanina.com\/en\/agricultura-sostenible\/por-que-la-crisis-climatica-es-una-crisis-de-salud\/","og_locale":"en_GB","og_type":"article","og_title":"Por qu\u00e9 la crisis clim\u00e1tica es una crisis de salud | Publicidad Canina","og_description":"C\u00f3mo la crisis clim\u00e1tica se ha convertido en una crisis sanitaria mundial. Basado en la ponencia de Miguel \u00c1ngel Navas Mart\u00edn (ISCIII).","og_url":"https:\/\/publicidadcanina.com\/en\/agricultura-sostenible\/por-que-la-crisis-climatica-es-una-crisis-de-salud\/","og_site_name":"Publicidad Canina","article_publisher":"https:\/\/www.facebook.com\/monicadigitaltraffic","article_author":"https:\/\/www.facebook.com\/monicadigitaltraffic","article_published_time":"2025-11-05T20:36:43+00:00","article_modified_time":"2025-11-05T20:43:08+00:00","og_image":[{"width":1920,"height":1280,"url":"https:\/\/publicidadcanina.com\/wp-content\/uploads\/2025\/11\/pexels-photo-3651632-3651632-scaled.webp","type":"image\/webp"}],"author":"monicaplazalopez","schema":{"@context":"https:\/\/schema.org","@graph":[{"@type":"Article","@id":"https:\/\/publicidadcanina.com\/agricultura-sostenible\/por-que-la-crisis-climatica-es-una-crisis-de-salud\/#article","isPartOf":{"@id":"https:\/\/publicidadcanina.com\/agricultura-sostenible\/por-que-la-crisis-climatica-es-una-crisis-de-salud\/"},"author":{"name":"monicaplazalopez","@id":"https:\/\/publicidadcanina.com\/#\/schema\/person\/bb92eb2369c73169fb03328352576914"},"headline":"Por qu\u00e9 la crisis clim\u00e1tica es una crisis de salud","datePublished":"2025-11-05T20:36:43+00:00","dateModified":"2025-11-05T20:43:08+00:00","mainEntityOfPage":{"@id":"https:\/\/publicidadcanina.com\/agricultura-sostenible\/por-que-la-crisis-climatica-es-una-crisis-de-salud\/"},"wordCount":843,"commentCount":0,"publisher":{"@id":"https:\/\/publicidadcanina.com\/#organization"},"image":{"@id":"https:\/\/publicidadcanina.com\/agricultura-sostenible\/por-que-la-crisis-climatica-es-una-crisis-de-salud\/#primaryimage"},"thumbnailUrl":"https:\/\/publicidadcanina.com\/wp-content\/uploads\/2025\/11\/pexels-photo-3651632-3651632-scaled.webp","keywords":["cambio clim\u00e1tico y salud","crisis clim\u00e1tica","equidad sanitaria","IPCC","OMS","salud global"],"articleSection":["Agricultura Sostenible"],"inLanguage":"en-GB","potentialAction":[{"@type":"CommentAction","name":"Comment","target":["https:\/\/publicidadcanina.com\/agricultura-sostenible\/por-que-la-crisis-climatica-es-una-crisis-de-salud\/#respond"]}]},{"@type":["WebPage","ItemPage"],"@id":"https:\/\/publicidadcanina.com\/agricultura-sostenible\/por-que-la-crisis-climatica-es-una-crisis-de-salud\/","url":"https:\/\/publicidadcanina.com\/agricultura-sostenible\/por-que-la-crisis-climatica-es-una-crisis-de-salud\/","name":"Por qu\u00e9 la crisis clim\u00e1tica es una crisis de salud | Publicidad Canina","isPartOf":{"@id":"https:\/\/publicidadcanina.com\/#website"},"primaryImageOfPage":{"@id":"https:\/\/publicidadcanina.com\/agricultura-sostenible\/por-que-la-crisis-climatica-es-una-crisis-de-salud\/#primaryimage"},"image":{"@id":"https:\/\/publicidadcanina.com\/agricultura-sostenible\/por-que-la-crisis-climatica-es-una-crisis-de-salud\/#primaryimage"},"thumbnailUrl":"https:\/\/publicidadcanina.com\/wp-content\/uploads\/2025\/11\/pexels-photo-3651632-3651632-scaled.webp","datePublished":"2025-11-05T20:36:43+00:00","dateModified":"2025-11-05T20:43:08+00:00","description":"C\u00f3mo la crisis clim\u00e1tica se ha convertido en una crisis sanitaria mundial. Basado en la ponencia de Miguel \u00c1ngel Navas Mart\u00edn (ISCIII).","breadcrumb":{"@id":"https:\/\/publicidadcanina.com\/agricultura-sostenible\/por-que-la-crisis-climatica-es-una-crisis-de-salud\/#breadcrumb"},"inLanguage":"en-GB","potentialAction":[{"@type":"ReadAction","target":["https:\/\/publicidadcanina.com\/agricultura-sostenible\/por-que-la-crisis-climatica-es-una-crisis-de-salud\/"]}]},{"@type":"ImageObject","inLanguage":"en-GB","@id":"https:\/\/publicidadcanina.com\/agricultura-sostenible\/por-que-la-crisis-climatica-es-una-crisis-de-salud\/#primaryimage","url":"https:\/\/publicidadcanina.com\/wp-content\/uploads\/2025\/11\/pexels-photo-3651632-3651632-scaled.webp","contentUrl":"https:\/\/publicidadcanina.com\/wp-content\/uploads\/2025\/11\/pexels-photo-3651632-3651632-scaled.webp","width":1920,"height":1280,"caption":"A single hand emerges from water, symbolizing a cry for help amidst a rainy setting."},{"@type":"BreadcrumbList","@id":"https:\/\/publicidadcanina.com\/agricultura-sostenible\/por-que-la-crisis-climatica-es-una-crisis-de-salud\/#breadcrumb","itemListElement":[{"@type":"ListItem","position":1,"name":"Publicidad Canina","item":"https:\/\/publicidadcanina.com\/"},{"@type":"ListItem","position":2,"name":"Agricultura Sostenible","item":"https:\/\/publicidadcanina.com\/agricultura-sostenible\/"},{"@type":"ListItem","position":3,"name":"Por qu\u00e9 la crisis clim\u00e1tica es una crisis de salud"}]},{"@type":"WebSite","@id":"https:\/\/publicidadcanina.com\/#website","url":"https:\/\/publicidadcanina.com\/","name":"Publicidad Canina","description":"Publicidad Canina","publisher":{"@id":"https:\/\/publicidadcanina.com\/#organization"},"potentialAction":[{"@type":"SearchAction","target":{"@type":"EntryPoint","urlTemplate":"https:\/\/publicidadcanina.com\/?s={search_term_string}"},"query-input":{"@type":"PropertyValueSpecification","valueRequired":true,"valueName":"search_term_string"}}],"inLanguage":"en-GB"},{"@type":"Organization","@id":"https:\/\/publicidadcanina.com\/#organization","name":"Publicidad Canina","url":"https:\/\/publicidadcanina.com\/","logo":{"@type":"ImageObject","inLanguage":"en-GB","@id":"https:\/\/publicidadcanina.com\/#\/schema\/logo\/image\/","url":"https:\/\/publicidadcanina.com\/wp-content\/uploads\/2021\/05\/Logo-Publicidad-Canina-e1641566727756.png","contentUrl":"https:\/\/publicidadcanina.com\/wp-content\/uploads\/2021\/05\/Logo-Publicidad-Canina-e1641566727756.png","width":180,"height":180,"caption":"Publicidad Canina"},"image":{"@id":"https:\/\/publicidadcanina.com\/#\/schema\/logo\/image\/"},"sameAs":["https:\/\/www.facebook.com\/monicadigitaltraffic","https:\/\/www.instagram.com\/publicidadcanina","https:\/\/www.linkedin.com\/in\/monicaplazalopez\/","https:\/\/www.youtube.com\/@monicadigitaltraffic"]},{"@type":"Person","@id":"https:\/\/publicidadcanina.com\/#\/schema\/person\/bb92eb2369c73169fb03328352576914","name":"monicaplazalopez","image":{"@type":"ImageObject","inLanguage":"en-GB","@id":"https:\/\/publicidadcanina.com\/wp-content\/litespeed\/avatar\/8139c7cf91ca7f3a75ba64e2d8169f6d.jpg?ver=1777067666","url":"https:\/\/publicidadcanina.com\/wp-content\/litespeed\/avatar\/8139c7cf91ca7f3a75ba64e2d8169f6d.jpg?ver=1777067666","contentUrl":"https:\/\/publicidadcanina.com\/wp-content\/litespeed\/avatar\/8139c7cf91ca7f3a75ba64e2d8169f6d.jpg?ver=1777067666","caption":"monicaplazalopez"},"description":"Ingeniera en Inform\u00e1tica, Consultora de Marketing Digital y Educadora Canina. Especializado en ayudar a profesionales del mundo canino a convertir sus servicios y productos en facturaci\u00f3n.","sameAs":["https:\/\/publicidadcanina.com","https:\/\/www.facebook.com\/monicadigitaltraffic","https:\/\/www.instagram.com\/publicidadcanina","https:\/\/www.linkedin.com\/in\/monicaplazalopez\/","https:\/\/www.youtube.com\/channel\/UC4kLKDi_0-gTVNuMotJMCVw"]}]}},"_links":{"self":[{"href":"https:\/\/publicidadcanina.com\/en\/wp-json\/wp\/v2\/posts\/22596","targetHints":{"allow":["GET"]}}],"collection":[{"href":"https:\/\/publicidadcanina.com\/en\/wp-json\/wp\/v2\/posts"}],"about":[{"href":"https:\/\/publicidadcanina.com\/en\/wp-json\/wp\/v2\/types\/post"}],"author":[{"embeddable":true,"href":"https:\/\/publicidadcanina.com\/en\/wp-json\/wp\/v2\/users\/1"}],"replies":[{"embeddable":true,"href":"https:\/\/publicidadcanina.com\/en\/wp-json\/wp\/v2\/comments?post=22596"}],"version-history":[{"count":0,"href":"https:\/\/publicidadcanina.com\/en\/wp-json\/wp\/v2\/posts\/22596\/revisions"}],"wp:featuredmedia":[{"embeddable":true,"href":"https:\/\/publicidadcanina.com\/en\/wp-json\/wp\/v2\/media\/22598"}],"wp:attachment":[{"href":"https:\/\/publicidadcanina.com\/en\/wp-json\/wp\/v2\/media?parent=22596"}],"wp:term":[{"taxonomy":"category","embeddable":true,"href":"https:\/\/publicidadcanina.com\/en\/wp-json\/wp\/v2\/categories?post=22596"},{"taxonomy":"post_tag","embeddable":true,"href":"https:\/\/publicidadcanina.com\/en\/wp-json\/wp\/v2\/tags?post=22596"}],"curies":[{"name":"wp","href":"https:\/\/api.w.org\/{rel}","templated":true}]}}